{"id":3548,"date":"2021-03-04T09:30:49","date_gmt":"2021-03-04T09:30:49","guid":{"rendered":"https:\/\/www.martafofi.com\/?p=3548"},"modified":"2021-03-09T12:23:17","modified_gmt":"2021-03-09T12:23:17","slug":"mi-coleccion-de-bolsos-artesanos-serigrafiados","status":"publish","type":"post","link":"https:\/\/www.martafofi.com\/es\/mi-coleccion-de-bolsos-artesanos-serigrafiados\/","title":{"rendered":"Mi colecci\u00f3n de bolsos artesanos serigrafiados"},"content":{"rendered":"<p>Os cuento <strong>todo sobre mi segunda colecci\u00f3n de bolsos artesanos con ilustraciones y dise\u00f1os m\u00edos impreso sobre tela.<\/strong><\/p>\n<p><!--more--><\/p>\n<p><img fetchpriority=\"high\" decoding=\"async\" class=\" wp-image-3543 alignleft\" src=\"https:\/\/www.martafofi.com\/wp-content\/uploads\/2021\/02\/IMG_5080-225x300.jpg\" alt=\"\" width=\"243\" height=\"324\" srcset=\"https:\/\/www.martafofi.com\/wp-content\/uploads\/2021\/02\/IMG_5080-225x300.jpg 225w, https:\/\/www.martafofi.com\/wp-content\/uploads\/2021\/02\/IMG_5080-768x1024.jpg 768w, https:\/\/www.martafofi.com\/wp-content\/uploads\/2021\/02\/IMG_5080-1152x1536.jpg 1152w, https:\/\/www.martafofi.com\/wp-content\/uploads\/2021\/02\/IMG_5080-1536x2048.jpg 1536w, https:\/\/www.martafofi.com\/wp-content\/uploads\/2021\/02\/IMG_5080-scaled.jpg 1920w\" sizes=\"(max-width: 243px) 100vw, 243px\" \/>Este a\u00f1o echaba de menos cosas de mi trabajo. Ten\u00eda ganas de poder utilizar alguna t\u00e9cnica con la que pudiera ensuciarme las manos, por ese motivo <strong>decid\u00ed volver a trabajar con t\u00e9cnicas de impresi\u00f3n sobre tela.<\/strong><\/p>\n<p>A finales del pasado mes de enero <strong>me apunt\u00e9 a un workshop de serigraf\u00eda de 4 horas.<\/strong> Lo impart\u00eda una chica que tiene su propio taller aqu\u00ed, en Ibiza. Es una aut\u00e9ntica artista y<a href=\"https:\/\/less-filling.com\/\" target=\"_blank\" rel=\"noopener noreferrer\"> su ropa serigrafiada a mano<\/a> es preciosa. Si os apetece conocerla un poquito mejor o ver sus piezas las podr\u00e9is encontrar en su cuenta de Instagram <a href=\"https:\/\/www.instagram.com\/lessfilling.ibiza\/?hl=it\" target=\"_blank\" rel=\"noopener noreferrer\">@lessfilling.ibiza.<\/a><\/p>\n<p>Aunque decidiera apuntarme a este workshop, la serigraf\u00eda no era una t\u00e9cnica nueva para m\u00ed, ya la conoc\u00eda desde hac\u00eda tiempo, pero al no disponer de un taller en el que experimentar y poner en pr\u00e1ctica mis conocimientos, no hab\u00eda tenido la oportunidad de dedicarle suficiente tiempo.<\/p>\n<p>Con lo que aprend\u00ed en estas clases <strong>pude fusionar las t\u00e9cnicas de impresi\u00f3n con la moda, algo que siempre me ha gustado y en lo que disfruto trabajando.<\/strong> Y cre\u00e9 una serie de 10 bolsos hechos a mano y totalmente artesanos.<\/p>\n<p>&nbsp;<\/p>\n<h2><strong>Mi segunda colecci\u00f3n de bolsos artesanos<img decoding=\"async\" class=\"size-medium wp-image-3537 alignright\" src=\"https:\/\/www.martafofi.com\/wp-content\/uploads\/2021\/02\/IMG_5072-225x300.jpg\" alt=\"\" width=\"225\" height=\"300\" srcset=\"https:\/\/www.martafofi.com\/wp-content\/uploads\/2021\/02\/IMG_5072-225x300.jpg 225w, https:\/\/www.martafofi.com\/wp-content\/uploads\/2021\/02\/IMG_5072-768x1024.jpg 768w, https:\/\/www.martafofi.com\/wp-content\/uploads\/2021\/02\/IMG_5072-1152x1536.jpg 1152w, https:\/\/www.martafofi.com\/wp-content\/uploads\/2021\/02\/IMG_5072-1536x2048.jpg 1536w, https:\/\/www.martafofi.com\/wp-content\/uploads\/2021\/02\/IMG_5072-scaled.jpg 1920w\" sizes=\"(max-width: 225px) 100vw, 225px\" \/> <\/strong><\/h2>\n<p>Antes de crear esta colecci\u00f3n, ya hab\u00eda hecho una l\u00ednea de bolsos parecidos, pero no hab\u00eda utilizado la misma t\u00e9cnica.<strong> Anteriormente hab\u00eda utilizado la sublimaci\u00f3n.<\/strong> Es una t\u00e9cnica que se realiza mediante la transferencia t\u00e9rmica de un dise\u00f1o. La tinta que previamente se ha impreso en un papel especial se transfiere a un tejido aplicando calor sobre \u00e9l.<\/p>\n<p><strong>Esta colecci\u00f3n era muy exclusiva, ya que cada estampado en lugar de imprimirlo, lo\u00a0hab\u00eda\u00a0pintado a mano sobre papel y tan solo se pod\u00eda hacer una impresi\u00f3n<\/strong>, porque con el calor el color se va y solo permite hacer una pieza \u00fanica.<\/p>\n<p><strong>Esta t\u00e9cnica la aprend\u00ed en Polonia, en una academia de bellas artes<\/strong> en la que estuve estudiando durante dos semanas. Adem\u00e1s, <strong>tuve la oportunidad de perfeccionarla en Londres,<\/strong> en un curso de un mes y medio que realic\u00e9 en la Universidad de las Artes de Londres. Sin duda dos experiencias \u00fanicas que me han ayudado a expandir mis conocimientos.<\/p>\n<p><strong>Esta primera colecci\u00f3n la hice en el a\u00f1o 2016 y la titul\u00e9 \u201cI was a serious woman\u201d.<\/strong> Es una colecci\u00f3n con la que aprend\u00ed mucho y con la que disfrut\u00e9 de crear y trabajar con los nuevos conocimientos que hab\u00eda adquirido.<\/p>\n<h2><strong>Mi nueva serie de bolsos artesanos<\/strong><\/h2>\n<p><strong><img decoding=\"async\" class=\" wp-image-3557 alignleft\" src=\"https:\/\/www.martafofi.com\/wp-content\/uploads\/2021\/02\/Handmade-Clutch-bag-BW-fuchsia-300x200.jpg\" alt=\"\" width=\"329\" height=\"220\" srcset=\"https:\/\/www.martafofi.com\/wp-content\/uploads\/2021\/02\/Handmade-Clutch-bag-BW-fuchsia-300x200.jpg 300w, https:\/\/www.martafofi.com\/wp-content\/uploads\/2021\/02\/Handmade-Clutch-bag-BW-fuchsia-1024x682.jpg 1024w, https:\/\/www.martafofi.com\/wp-content\/uploads\/2021\/02\/Handmade-Clutch-bag-BW-fuchsia-768x512.jpg 768w, https:\/\/www.martafofi.com\/wp-content\/uploads\/2021\/02\/Handmade-Clutch-bag-BW-fuchsia-1536x1024.jpg 1536w, https:\/\/www.martafofi.com\/wp-content\/uploads\/2021\/02\/Handmade-Clutch-bag-BW-fuchsia-820x550.jpg 820w, https:\/\/www.martafofi.com\/wp-content\/uploads\/2021\/02\/Handmade-Clutch-bag-BW-fuchsia.jpg 2000w\" sizes=\"(max-width: 329px) 100vw, 329px\" \/>Los bolsos que he dise\u00f1ado son bolsos de mano realizados totalmente a mano,<\/strong> pensados para que los puedas llevar siempre, en much\u00edsimas ocasiones, tanto por el d\u00eda como por la noche. Bueno, para cuando nos dejen volver a salir de noche. La verdad es que echo de menos ver las calles de Ibiza como antes, llenas de gente y de alegr\u00eda.<\/p>\n<p>Estos bolsos artesanos est\u00e1n confeccionados con sat\u00e9n de poli\u00e9ster. Este material es suave y al tener un doble forro proporciona un tacto muy agradable y acolchado. El forro de la parte interior tiene un estampado de vichy de sat\u00e9n.<\/p>\n<p><img loading=\"lazy\" decoding=\"async\" class=\" wp-image-3563 alignright\" src=\"https:\/\/www.martafofi.com\/wp-content\/uploads\/2021\/02\/Marta-Fofi-52-300x200.jpg\" alt=\"\" width=\"337\" height=\"224\" srcset=\"https:\/\/www.martafofi.com\/wp-content\/uploads\/2021\/02\/Marta-Fofi-52-300x200.jpg 300w, https:\/\/www.martafofi.com\/wp-content\/uploads\/2021\/02\/Marta-Fofi-52-1024x682.jpg 1024w, https:\/\/www.martafofi.com\/wp-content\/uploads\/2021\/02\/Marta-Fofi-52-768x512.jpg 768w, https:\/\/www.martafofi.com\/wp-content\/uploads\/2021\/02\/Marta-Fofi-52-1536x1024.jpg 1536w, https:\/\/www.martafofi.com\/wp-content\/uploads\/2021\/02\/Marta-Fofi-52.jpg 2000w\" sizes=\"(max-width: 337px) 100vw, 337px\" \/><\/p>\n<p>Para terminarlos, <strong>me he encargado de dejar mi sello personal en cada uno de ellos y, en su interior, he puesto la frase \u201cI was a serious woman\u201d y tambi\u00e9n mi nombre, Marta Fofi.<\/strong><\/p>\n<p>Actualmente<strong> tengo 10 piezas \u00fanicas hechas a mano y confeccionadas por una costurera de la isla.<\/strong> Adem\u00e1s, cada uno de ellos tiene una preciosa borla que yo misma he hecho. Es una serie de la que estoy muy orgullosa, con la que he logrado un resultado final muy gr\u00e1fico y que representa 100% mi estilo y mi forma de ver la vida y el dise\u00f1o.<\/p>\n<p><strong>El tama\u00f1o de estos bolsos es de 20&#215;30 cm aproximadamente<\/strong>, la medida perfecta para llevar el monedero, las llaves, el m\u00f3vil y todos aquellos accesorios que quieras llevar contigo. Esta serie tiene un solo estampado en dos versiones, las cuales os voy a presentar a continuaci\u00f3n.<\/p>\n<h2><strong>Blanco y negro: un cl\u00e1sico<\/strong><\/h2>\n<p><img loading=\"lazy\" decoding=\"async\" class=\" wp-image-3561 alignleft\" src=\"https:\/\/www.martafofi.com\/wp-content\/uploads\/2021\/02\/Marta-Fofi-43-300x200.jpg\" alt=\"\" width=\"315\" height=\"210\" srcset=\"https:\/\/www.martafofi.com\/wp-content\/uploads\/2021\/02\/Marta-Fofi-43-300x200.jpg 300w, https:\/\/www.martafofi.com\/wp-content\/uploads\/2021\/02\/Marta-Fofi-43-1024x682.jpg 1024w, https:\/\/www.martafofi.com\/wp-content\/uploads\/2021\/02\/Marta-Fofi-43-768x512.jpg 768w, https:\/\/www.martafofi.com\/wp-content\/uploads\/2021\/02\/Marta-Fofi-43-1536x1024.jpg 1536w, https:\/\/www.martafofi.com\/wp-content\/uploads\/2021\/02\/Marta-Fofi-43-820x550.jpg 820w, https:\/\/www.martafofi.com\/wp-content\/uploads\/2021\/02\/Marta-Fofi-43.jpg 2000w\" sizes=\"(max-width: 315px) 100vw, 315px\" \/>Se trata de un estampado abstracto en el que he utilizado manchas negras sobre un fondo blanco. En estos modelos he utilizado cremalleras de varios colores. Concretamente, azul, amarillo y magenta, los 3 colores primarios.<\/p>\n<p>Este bolso, al ser de color blanco y negro te combinar\u00e1 con cualquier look,<strong> es una combinaci\u00f3n que nunca falla<\/strong> y que aportar\u00e1 un toque de elegancia a tu outfit.<\/p>\n<p>As\u00ed que, <strong>si quieres tener una pieza de arte y moda \u00fanica, que apuesta por el consumo local y por procesos de producci\u00f3n sostenibles<\/strong>, este bolso blanco y negro es ideal para ti. \u00a1O para regalar a aquella amiga que tanto le gusta el arte y la moda!<\/p>\n<p><img loading=\"lazy\" decoding=\"async\" class=\"aligncenter wp-image-3559\" src=\"https:\/\/www.martafofi.com\/wp-content\/uploads\/2021\/02\/Handmade-Clutch-bag-BW-fuchsia-4-300x200.jpg\" alt=\"\" width=\"328\" height=\"218\" srcset=\"https:\/\/www.martafofi.com\/wp-content\/uploads\/2021\/02\/Handmade-Clutch-bag-BW-fuchsia-4-300x200.jpg 300w, https:\/\/www.martafofi.com\/wp-content\/uploads\/2021\/02\/Handmade-Clutch-bag-BW-fuchsia-4-1024x682.jpg 1024w, https:\/\/www.martafofi.com\/wp-content\/uploads\/2021\/02\/Handmade-Clutch-bag-BW-fuchsia-4-768x512.jpg 768w, https:\/\/www.martafofi.com\/wp-content\/uploads\/2021\/02\/Handmade-Clutch-bag-BW-fuchsia-4-1536x1024.jpg 1536w, https:\/\/www.martafofi.com\/wp-content\/uploads\/2021\/02\/Handmade-Clutch-bag-BW-fuchsia-4.jpg 2000w\" sizes=\"(max-width: 328px) 100vw, 328px\" \/><\/p>\n<h2><strong>Fucsia y verde: el toque de color para tu look<\/strong><\/h2>\n<p>Este modelo tiene el mismo estampado que el modelo anterior, pero en color fucsia y verde. <strong>Una combinaci\u00f3n que mezcla el color de la naturaleza con el fucsia, un color c\u00e1lido y lleno de pasi\u00f3n.<\/strong><\/p>\n<p>Este modelo se lo recomiendo a los m\u00e1s atrevidos, a aquellos que les guste llevar complementos que aporten car\u00e1cter a su estilo. Si quieres que este bolso destaque en tu outfit, te recomiendo que lo lleves con alguna prenda lisa en colores claros (blanco, celeste, gris claro) o oscuros (vaquero, negro\u2026), seguro que quedar\u00e1 genial y el bolso destacar\u00e1 seguro.<\/p>\n<div id=\"attachment_3567\" style=\"width: 377px\" class=\"wp-caption alignright\"><img loading=\"lazy\" decoding=\"async\" aria-describedby=\"caption-attachment-3567\" class=\" wp-image-3567\" src=\"https:\/\/www.martafofi.com\/wp-content\/uploads\/2021\/02\/Marta-Fofi-64-e1614009442282-300x212.jpg\" alt=\"\" width=\"367\" height=\"259\" srcset=\"https:\/\/www.martafofi.com\/wp-content\/uploads\/2021\/02\/Marta-Fofi-64-e1614009442282-300x212.jpg 300w, https:\/\/www.martafofi.com\/wp-content\/uploads\/2021\/02\/Marta-Fofi-64-e1614009442282-1024x724.jpg 1024w, https:\/\/www.martafofi.com\/wp-content\/uploads\/2021\/02\/Marta-Fofi-64-e1614009442282-768x543.jpg 768w, https:\/\/www.martafofi.com\/wp-content\/uploads\/2021\/02\/Marta-Fofi-64-e1614009442282.jpg 1259w\" sizes=\"(max-width: 367px) 100vw, 367px\" \/><p id=\"caption-attachment-3567\" class=\"wp-caption-text\">Photo @anitadeaustria<\/p><\/div>\n<p>. Sin duda, m\u00e1s de una persona te preguntar\u00e1 por este bolso artesano. (Pd. \u00a1y espero que ah\u00ed me recomiendes!<\/p>\n<p>Me encanta poder compartir con vosotros mis nuevas creaciones y que de cada d\u00eda pod\u00e1is conocerme un poquito mejor. <strong>\u00a1Te animo a que me dejes un comentario y que me digas que te ha parecido mi nueva serie de bolsos!<\/strong><\/p>\n","protected":false},"excerpt":{"rendered":"<p>Os cuento todo sobre mi segunda colecci\u00f3n de bolsos artesanos con ilustraciones y dise\u00f1os m\u00edos impreso sobre tela.<\/p>\n","protected":false},"author":1,"featured_media":3543,"comment_status":"open","ping_status":"open","sticky":false,"template":"","format":"standard","meta":{"_genesis_hide_title":false,"_genesis_hide_breadcrumbs":false,"_genesis_hide_singular_image":false,"_genesis_hide_footer_widgets":false,"_genesis_custom_body_class":"","_genesis_custom_post_class":"","_genesis_layout":"","footnotes":""},"categories":[50],"tags":[59,57,60,58,61],"class_list":{"0":"post-3548","1":"post","2":"type-post","3":"status-publish","4":"format-standard","5":"has-post-thumbnail","7":"category-proyectos","8":"tag-artesanos","9":"tag-bolsos","10":"tag-disenos","11":"tag-hecho-a-mano","12":"tag-tecnica","13":"entry"},"_links":{"self":[{"href":"https:\/\/www.martafofi.com\/es\/wp-json\/wp\/v2\/posts\/3548","targetHints":{"allow":["GET"]}}],"collection":[{"href":"https:\/\/www.martafofi.com\/es\/wp-json\/wp\/v2\/posts"}],"about":[{"href":"https:\/\/www.martafofi.com\/es\/wp-json\/wp\/v2\/types\/post"}],"author":[{"embeddable":true,"href":"https:\/\/www.martafofi.com\/es\/wp-json\/wp\/v2\/users\/1"}],"replies":[{"embeddable":true,"href":"https:\/\/www.martafofi.com\/es\/wp-json\/wp\/v2\/comments?post=3548"}],"version-history":[{"count":9,"href":"https:\/\/www.martafofi.com\/es\/wp-json\/wp\/v2\/posts\/3548\/revisions"}],"predecessor-version":[{"id":3639,"href":"https:\/\/www.martafofi.com\/es\/wp-json\/wp\/v2\/posts\/3548\/revisions\/3639"}],"wp:featuredmedia":[{"embeddable":true,"href":"https:\/\/www.martafofi.com\/es\/wp-json\/wp\/v2\/media\/3543"}],"wp:attachment":[{"href":"https:\/\/www.martafofi.com\/es\/wp-json\/wp\/v2\/media?parent=3548"}],"wp:term":[{"taxonomy":"category","embeddable":true,"href":"https:\/\/www.martafofi.com\/es\/wp-json\/wp\/v2\/categories?post=3548"},{"taxonomy":"post_tag","embeddable":true,"href":"https:\/\/www.martafofi.com\/es\/wp-json\/wp\/v2\/tags?post=3548"}],"curies":[{"name":"wp","href":"https:\/\/api.w.org\/{rel}","templated":true}]}}