{"id":3437,"date":"2021-02-08T11:55:39","date_gmt":"2021-02-08T11:55:39","guid":{"rendered":"https:\/\/www.martafofi.com\/?p=3437"},"modified":"2023-11-04T16:33:52","modified_gmt":"2023-11-04T16:33:52","slug":"mi-fuente-de-inspiracion-para-crear-mis-ilustraciones","status":"publish","type":"post","link":"https:\/\/www.martafofi.com\/es\/mi-fuente-de-inspiracion-para-crear-mis-ilustraciones\/","title":{"rendered":"Mi fuente de inspiraci\u00f3n para crear mis ilustraciones"},"content":{"rendered":"<p><strong>Hoy vengo a hablarte de todo aquello que me acompa\u00f1a en mis viajes creativos, mi fuente de inspiraci\u00f3n para desarrollar mis ilustraciones.<\/strong><\/p>\n<p><!--more--><\/p>\n<p>Un cineasta franc\u00e9s del que he aprendido mucho dijo una vez: <strong>\u201c<\/strong><strong>No es de d\u00f3nde tomas las cosas, es ad\u00f3nde las llevas<\/strong>\u201d. Por eso, desde que me dedico a ilustrar siempre busco nuevas fuentes de inspiraci\u00f3n que me hagan crecer como artista.<\/p>\n<p><strong>Todo lo que queda plasmado en mis ilustraciones y en mis trabajos es resultado de las experiencias que he vivido<\/strong>, de lugares que he explorado o de otros artistas que me han inspirado. Por eso, me gustar\u00eda que me conozcas un poco mejor y entiendas mejor mi proceso creativo.<\/p>\n<p>Hoy te hablar\u00e9 tanto de los lugares que me han marcado como de las t\u00e9cnicas y colores que me utilizo en mis ilustraciones.<\/p>\n<div id=\"attachment_3444\" style=\"width: 330px\" class=\"wp-caption alignleft\"><img fetchpriority=\"high\" decoding=\"async\" aria-describedby=\"caption-attachment-3444\" class=\" wp-image-3444\" src=\"https:\/\/www.martafofi.com\/wp-content\/uploads\/2021\/02\/Digital_Artist_Studio_Marta_Fofi-300x200.jpg\" alt=\"Digital_Artist_Studio_Marta_Fofi\" width=\"320\" height=\"213\" srcset=\"https:\/\/www.martafofi.com\/wp-content\/uploads\/2021\/02\/Digital_Artist_Studio_Marta_Fofi-300x200.jpg 300w, https:\/\/www.martafofi.com\/wp-content\/uploads\/2021\/02\/Digital_Artist_Studio_Marta_Fofi-1024x683.jpg 1024w, https:\/\/www.martafofi.com\/wp-content\/uploads\/2021\/02\/Digital_Artist_Studio_Marta_Fofi-768x512.jpg 768w, https:\/\/www.martafofi.com\/wp-content\/uploads\/2021\/02\/Digital_Artist_Studio_Marta_Fofi.jpg 1300w\" sizes=\"(max-width: 320px) 100vw, 320px\" \/><p id=\"caption-attachment-3444\" class=\"wp-caption-text\">Photo by @ibizamonamourphoto<\/p><\/div>\n<h2><strong><br \/>\nLa esencia de mis ilustraciones: conectar conmigo misma y con mi entorno<\/strong><\/h2>\n<p>Desde mi punto de vista, <strong>la sinceridad es algo vital para crear.<\/strong> Para m\u00ed es muy importante sentirme identificada con todo lo que dibujo y creo.<\/p>\n<p><strong>Procuro estar conectada con mi yo interior, por lo cual suelo practicar yoga y meditaciones.<\/strong> Estas sesiones me ayudan a estimular la imaginaci\u00f3n y a pensar con m\u00e1s claridad sobre lo que quiero representar en mis ilustraciones.<\/p>\n<p><img decoding=\"async\" class=\" wp-image-3466 alignright\" src=\"https:\/\/www.martafofi.com\/wp-content\/uploads\/2021\/02\/Meditation-Wall_Art_Print-1-212x300.jpg\" alt=\"\" width=\"224\" height=\"317\" srcset=\"https:\/\/www.martafofi.com\/wp-content\/uploads\/2021\/02\/Meditation-Wall_Art_Print-1-212x300.jpg 212w, https:\/\/www.martafofi.com\/wp-content\/uploads\/2021\/02\/Meditation-Wall_Art_Print-1-724x1024.jpg 724w, https:\/\/www.martafofi.com\/wp-content\/uploads\/2021\/02\/Meditation-Wall_Art_Print-1-768x1086.jpg 768w, https:\/\/www.martafofi.com\/wp-content\/uploads\/2021\/02\/Meditation-Wall_Art_Print-1-1086x1536.jpg 1086w, https:\/\/www.martafofi.com\/wp-content\/uploads\/2021\/02\/Meditation-Wall_Art_Print-1.jpg 1414w\" sizes=\"(max-width: 224px) 100vw, 224px\" \/>Esta conexi\u00f3n de la que hablo no es solo conmigo misma, tambi\u00e9n me gusta tenerla con mis amigos y con las personas de mi entorno. <strong>Conocer nuevas personas y descubrir nuevas formas de vivir es algo que me inspira much\u00edsim<\/strong>o y trato de plasmarlo y retratarlo en mi trabajo como artista e ilustradora.<\/p>\n<h2><strong>Mi primera fuente de inspiraci\u00f3n: mis a\u00f1os en Italia<\/strong><\/h2>\n<p>Podr\u00eda decir que <strong>mi verdadera identidad como artista la empec\u00e9 a desarrollar en Italia<\/strong>, durante esos primeros a\u00f1os explor\u00e9 m\u00faltiples caminos y t\u00e9cnicas hasta encontrar mi propio sello.<\/p>\n<p><strong>El tipo de ilustraci\u00f3n que m\u00e1s me gusta y creo que mejor define mi estilo es el pop art,<\/strong> y, aunque al principio utiliza la t\u00e9cnica de pintura plana para pintar sobre textil, \u00faltimamente todas mis ilustraciones est\u00e1n creadas de forma digital.<\/p>\n<p>En esos primeros a\u00f1os utilizaba generalmente colores primarios y daba mucha importancia al contraste. Hay muchas caracter\u00edsticas de esos a\u00f1os que mantengo en mis ilustraciones, pero otras, como mi paleta de colores ha variado bastante. De esta forma, me he dado cuenta de que el lugar en el que vivo me condiciona bastante a la hora de crear.<\/p>\n<h2><strong><img decoding=\"async\" class=\"alignleft size-medium wp-image-3450\" src=\"https:\/\/www.martafofi.com\/wp-content\/uploads\/2021\/02\/Marta_Fofi_Artist_Ibiza-200x300.jpg\" alt=\"\" width=\"200\" height=\"300\" srcset=\"https:\/\/www.martafofi.com\/wp-content\/uploads\/2021\/02\/Marta_Fofi_Artist_Ibiza-200x300.jpg 200w, https:\/\/www.martafofi.com\/wp-content\/uploads\/2021\/02\/Marta_Fofi_Artist_Ibiza-683x1024.jpg 683w, https:\/\/www.martafofi.com\/wp-content\/uploads\/2021\/02\/Marta_Fofi_Artist_Ibiza-768x1152.jpg 768w, https:\/\/www.martafofi.com\/wp-content\/uploads\/2021\/02\/Marta_Fofi_Artist_Ibiza-400x600.jpg 400w, https:\/\/www.martafofi.com\/wp-content\/uploads\/2021\/02\/Marta_Fofi_Artist_Ibiza.jpg 800w\" sizes=\"(max-width: 200px) 100vw, 200px\" \/>Mi paleta de colores: un viaje inspirador a Londres<\/strong><\/h2>\n<p><strong>En el a\u00f1o 2015 viaj\u00e9 a Londres para realizar un curso de estampaci\u00f3n textil<\/strong> y nunca pens\u00e9 que esta ciudad me fuese a influenciar tanto. Una de los cambios fueron en mi paleta de colores.<strong> El clima fr\u00edo y los colores apagados de la ciudad provocaron un giro en mi forma de crea<\/strong>r y tuve la necesidad de a\u00f1adir m\u00e1s vitalidad a mis trabajos como ilustradora.<\/p>\n<p><strong>A partir de ese a\u00f1o empec\u00e9 a utilizar el color fucsia,<\/strong> el cual ya forma parte de mi paleta y lo utilizo con mucha frecuencia. Siento que da mucha alegr\u00eda a mis ilustraciones y que ya forma parte de m\u00ed, de lo que soy como <a href=\"https:\/\/www.martafofi.com\/es\/\" target=\"_blank\" rel=\"noopener noreferrer\">Marta Fofi<\/a>, como artista.<\/p>\n<p>Guardo un bonito recuerdo de esa experiencia y no descarto volver a la ciudad para visitar a algunos amigos y recordar todo lo que aprend\u00ed durante ese a\u00f1o.<\/p>\n<div id=\"attachment_3193\" style=\"width: 348px\" class=\"wp-caption alignright\"><img loading=\"lazy\" decoding=\"async\" aria-describedby=\"caption-attachment-3193\" class=\" wp-image-3193\" src=\"https:\/\/www.martafofi.com\/wp-content\/uploads\/2020\/01\/OrdinaryLondon-1-300x251.jpg\" alt=\"\" width=\"338\" height=\"283\" srcset=\"https:\/\/www.martafofi.com\/wp-content\/uploads\/2020\/01\/OrdinaryLondon-1-300x251.jpg 300w, https:\/\/www.martafofi.com\/wp-content\/uploads\/2020\/01\/OrdinaryLondon-1-1024x856.jpg 1024w, https:\/\/www.martafofi.com\/wp-content\/uploads\/2020\/01\/OrdinaryLondon-1-768x642.jpg 768w, https:\/\/www.martafofi.com\/wp-content\/uploads\/2020\/01\/OrdinaryLondon-1.jpg 1417w\" sizes=\"(max-width: 338px) 100vw, 338px\" \/><p id=\"caption-attachment-3193\" class=\"wp-caption-text\">Ordinary in London, fabric collage<\/p><\/div>\n<h2><strong>Mi inspiraci\u00f3n constante: Ibiza, mi refugio en el mediterr\u00e1neo<\/strong><\/h2>\n<p><strong>Desde hace unos a\u00f1os vivo en una isla llamada Ibiza de la cual estoy profundamente enamorada<\/strong>. Me cautivaron sus playas turquesas, los colores de las casas y todas las personas que he ido conociendo a lo largo de estos a\u00f1os.<\/p>\n<p><strong>Me encanta poder exponer mis ilustraciones y trabajos en mercadillos y conocer a gente que trabaja distintas t\u00e9cnicas<\/strong>, desde joyer\u00eda y complementos, hasta piezas de arte o de ropa.<\/p>\n<p>Durante el verano es un lugar lleno de vida y energ\u00eda y, a partir de los \u00faltimos meses de oto\u00f1o, se convierte un lugar mucho m\u00e1s tranquilo, perfecto para trabajar en mis ilustraciones.<\/p>\n<div id=\"attachment_3446\" style=\"width: 334px\" class=\"wp-caption alignleft\"><img loading=\"lazy\" decoding=\"async\" aria-describedby=\"caption-attachment-3446\" class=\" wp-image-3446\" src=\"https:\/\/www.martafofi.com\/wp-content\/uploads\/2021\/02\/Inspiring_Artist_Studio_Marta_Fofi-300x200.jpg\" alt=\"Inspiring_Artist_Studio_Marta_Fofi\" width=\"324\" height=\"216\" srcset=\"https:\/\/www.martafofi.com\/wp-content\/uploads\/2021\/02\/Inspiring_Artist_Studio_Marta_Fofi-300x200.jpg 300w, https:\/\/www.martafofi.com\/wp-content\/uploads\/2021\/02\/Inspiring_Artist_Studio_Marta_Fofi-1024x682.jpg 1024w, https:\/\/www.martafofi.com\/wp-content\/uploads\/2021\/02\/Inspiring_Artist_Studio_Marta_Fofi-768x512.jpg 768w, https:\/\/www.martafofi.com\/wp-content\/uploads\/2021\/02\/Inspiring_Artist_Studio_Marta_Fofi-820x550.jpg 820w, https:\/\/www.martafofi.com\/wp-content\/uploads\/2021\/02\/Inspiring_Artist_Studio_Marta_Fofi.jpg 1300w\" sizes=\"(max-width: 324px) 100vw, 324px\" \/><p id=\"caption-attachment-3446\" class=\"wp-caption-text\">Photo by @ibizamonamourphoto<\/p><\/div>\n<p>Todos los que amamos dibujar empezamos de la misma forma, con un l\u00e1piz y un cuaderno. En los inicios de mi carrera como artista, antes de crear una ilustraci\u00f3n hac\u00eda algunos garabatos en un papel hasta que poco a poco iban cobrando forma y cuando ten\u00eda el concepto m\u00e1s claro empezaba a trabajarlo con mi tableta gr\u00e1fica.<\/p>\n<p><strong>En mi tableta tengo guardadas todas mis paletas y todos los trazos que he ido incorporando a lo largo de mi trayectoria como ilustradora.<\/strong> Esto me facilita mucho el proceso de producci\u00f3n de mis trabajos.<\/p>\n<p><strong>Actualmente casi no hago bocetos a mano ya que me he ido profesionalizando y mejorando mi equipo,<\/strong> y casi todas mis ilustraciones las empiezo directamente en mi IPad, en el programa <a href=\"https:\/\/apps.apple.com\/es\/app\/procreate\/id425073498\" target=\"_blank\" rel=\"noopener noreferrer\">Procreate<\/a>. Este cambi\u00f3 me cost\u00f3 al principio, pero ahora ya es parte de mi esencia.<img loading=\"lazy\" decoding=\"async\" class=\" wp-image-3470 alignright\" src=\"https:\/\/www.martafofi.com\/wp-content\/uploads\/2021\/02\/Es-vedra-print-Ibiza-landscape-MartaFofi-214x300.jpg\" alt=\"Es vedra print-Ibiza-landscape-MartaFofi\" width=\"232\" height=\"325\" srcset=\"https:\/\/www.martafofi.com\/wp-content\/uploads\/2021\/02\/Es-vedra-print-Ibiza-landscape-MartaFofi-214x300.jpg 214w, https:\/\/www.martafofi.com\/wp-content\/uploads\/2021\/02\/Es-vedra-print-Ibiza-landscape-MartaFofi-731x1024.jpg 731w, https:\/\/www.martafofi.com\/wp-content\/uploads\/2021\/02\/Es-vedra-print-Ibiza-landscape-MartaFofi-768x1076.jpg 768w, https:\/\/www.martafofi.com\/wp-content\/uploads\/2021\/02\/Es-vedra-print-Ibiza-landscape-MartaFofi.jpg 1071w\" sizes=\"(max-width: 232px) 100vw, 232px\" \/><\/p>\n<p>Espero que hay\u00e1is disfrutado de conocerme un poquito mejor. Creo que compartir mis experiencias no solo ayuda a entender mejor mi trabajo. Compartir tambi\u00e9n ayuda a la comunidad de artistas, ya que todos podemos aprender de todos y nos inspiramos mutuamente.<\/p>\n<p>Adem\u00e1s, me gustar\u00eda ense\u00f1aros algunas de mis ilustraciones y otros trabajos art\u00edsticos que podr\u00e9is encontrar en mi <a href=\"https:\/\/shop.lasdalias.com\/marcas\/marta-fofi-art\" target=\"_blank\" rel=\"noopener noreferrer\">tienda online<\/a>. Tambi\u00e9n, si ten\u00e9is alguna duda sobre mi trabajo o quer\u00e9is comentarme algo, os invito a que me escrib\u00e1is. Estar\u00e9 encantada de responderos ya que ahora que no tenemos la oportunidad de ir a ferias de arte, nos toca conectar de manera digital.<\/p>\n","protected":false},"excerpt":{"rendered":"<p>Hoy vengo a hablarte de todo aquello que me acompa\u00f1a en mis viajes creativos, mi fuente de inspiraci\u00f3n para desarrollar mis ilustraciones.<\/p>\n","protected":false},"author":1,"featured_media":3444,"comment_status":"open","ping_status":"open","sticky":false,"template":"","format":"standard","meta":{"_genesis_hide_title":false,"_genesis_hide_breadcrumbs":false,"_genesis_hide_singular_image":false,"_genesis_hide_footer_widgets":false,"_genesis_custom_body_class":"","_genesis_custom_post_class":"","_genesis_layout":"","footnotes":""},"categories":[51],"tags":[34,35,25,33],"class_list":{"0":"post-3437","1":"post","2":"type-post","3":"status-publish","4":"format-standard","5":"has-post-thumbnail","7":"category-inspiracion","8":"tag-arte","9":"tag-crear","10":"tag-ilustraciones","11":"tag-inspiracion","12":"entry"},"_links":{"self":[{"href":"https:\/\/www.martafofi.com\/es\/wp-json\/wp\/v2\/posts\/3437","targetHints":{"allow":["GET"]}}],"collection":[{"href":"https:\/\/www.martafofi.com\/es\/wp-json\/wp\/v2\/posts"}],"about":[{"href":"https:\/\/www.martafofi.com\/es\/wp-json\/wp\/v2\/types\/post"}],"author":[{"embeddable":true,"href":"https:\/\/www.martafofi.com\/es\/wp-json\/wp\/v2\/users\/1"}],"replies":[{"embeddable":true,"href":"https:\/\/www.martafofi.com\/es\/wp-json\/wp\/v2\/comments?post=3437"}],"version-history":[{"count":10,"href":"https:\/\/www.martafofi.com\/es\/wp-json\/wp\/v2\/posts\/3437\/revisions"}],"predecessor-version":[{"id":4377,"href":"https:\/\/www.martafofi.com\/es\/wp-json\/wp\/v2\/posts\/3437\/revisions\/4377"}],"wp:featuredmedia":[{"embeddable":true,"href":"https:\/\/www.martafofi.com\/es\/wp-json\/wp\/v2\/media\/3444"}],"wp:attachment":[{"href":"https:\/\/www.martafofi.com\/es\/wp-json\/wp\/v2\/media?parent=3437"}],"wp:term":[{"taxonomy":"category","embeddable":true,"href":"https:\/\/www.martafofi.com\/es\/wp-json\/wp\/v2\/categories?post=3437"},{"taxonomy":"post_tag","embeddable":true,"href":"https:\/\/www.martafofi.com\/es\/wp-json\/wp\/v2\/tags?post=3437"}],"curies":[{"name":"wp","href":"https:\/\/api.w.org\/{rel}","templated":true}]}}